{"id":4052,"date":"2024-06-12T18:42:56","date_gmt":"2024-06-12T16:42:56","guid":{"rendered":"https:\/\/corradovalente.com\/?p=4052"},"modified":"2024-06-12T18:42:56","modified_gmt":"2024-06-12T16:42:56","slug":"celebra-conmigo-el-estreno-de-nuestra-nueva-web","status":"publish","type":"post","link":"https:\/\/corradovalente.com\/ca\/celebra-conmigo-el-estreno-de-nuestra-nueva-web\/","title":{"rendered":"Celebra amb mi l&#039;estrena de la nostra nova web!"},"content":{"rendered":"<p>Hola a tots els amants de la fotografia i el v\u00eddeo! Estic encantat de compartir amb vosaltres una not\u00edcia emocionant: la nostra nova web est\u00e0 oficialment en l\u00ednia i llesta per explorar! Aquest \u00e9s un moment emocionant per a mi, ja que marca un nou cap\u00edtol al meu viatge creatiu i professional, i estic emocionat de compartir-lo amb tu.<\/p>\n\n\n\n<h3 class=\"wp-block-heading\">Qu\u00e8 hi ha de nou?<\/h3>\n\n\n\n<p>La nova web de Corrado Valente Fotografia \u00e9s molt m\u00e9s que una simple actualitzaci\u00f3 est\u00e8tica. Hem treballat \u00e0rduament per crear una experi\u00e8ncia en l\u00ednia que reflecteixi veritablement qui som i el que representem. Des d&#039;una navegaci\u00f3 m\u00e9s intu\u00eftiva fins a una presentaci\u00f3 m\u00e9s vibrant del nostre dossier, cada aspecte ha estat dissenyat pensant en tu, el nostre estimat visitant.<\/p>\n\n\n\n<h3 class=\"wp-block-heading\">Explora el nostre portfoli renovat<\/h3>\n\n\n\n<p>Una de les caracter\u00edstiques m\u00e9s emocionants de la nostra nova web \u00e9s l&#039;oportunitat d&#039;explorar el nostre dossier renovat. Hem seleccionat acuradament algunes de les nostres millors obres perqu\u00e8 les gaudeixis i t&#039;inspiris. Des d&#039;impressionants vistes a\u00e8ries fins a \u00edntims retrats, cada imatge explica una hist\u00f2ria \u00fanica que espero que us emocioni tant com a mi.<\/p>\n\n\n\n<h3 class=\"wp-block-heading\">Recursos i consells per a tu<\/h3>\n\n\n\n<p>A m\u00e9s del nostre dossier, tamb\u00e9 hem afegit una secci\u00f3 de recursos on podr\u00e0s trobar consells \u00fatils, tutorials i trucs per millorar les teves habilitats fotogr\u00e0fiques i videogr\u00e0fiques. Estic comprom\u00e8s a compartir el meu coneixement amb tu i ajudar-te a assolir les teves metes creatives, aix\u00ed que assegura&#039;t de revisar aquesta secci\u00f3 regularment per obtenir noves idees i t\u00e8cniques.<\/p>\n\n\n\n<h3 class=\"wp-block-heading\">Gr\u00e0cies per acompanyar-me en aquest viatge!<\/h3>\n\n\n\n<p>En resum, estic incre\u00efblement emocionat de compartir la nostra nova web amb tu i espero que la gaudeixis tant com jo vaig gaudir creant-la. Gr\u00e0cies per acompanyar-me en aquest emocionant viatge i pel teu continu suport. Aqu\u00ed a Corrado Valente Fotografia, estem emocionats pel que el futur ens ofereix, i no podem esperar a compartir-ho amb tu!<\/p>\n\n\n\n<p>Benvinguts a la nostra nova web i que comenci l&#039;aventura!<\/p>","protected":false},"excerpt":{"rendered":"<p>Hola a tots els amants de la fotografia i el v\u00eddeo! Estic encantat de compartir amb vosaltres una not\u00edcia emocionant: la nostra nova web est\u00e0 oficialment\u2026<\/p>","protected":false},"author":1,"featured_media":3706,"comment_status":"closed","ping_status":"","sticky":false,"template":"","format":"standard","meta":{"_kad_blocks_custom_css":"","_kad_blocks_head_custom_js":"","_kad_blocks_body_custom_js":"","_kad_blocks_footer_custom_js":"","_kadence_starter_templates_imported_post":false,"_kad_post_transparent":"","_kad_post_title":"","_kad_post_layout":"","_kad_post_sidebar_id":"","_kad_post_content_style":"","_kad_post_vertical_padding":"","_kad_post_feature":"","_kad_post_feature_position":"","_kad_post_header":false,"_kad_post_footer":false,"_kad_post_classname":"","_joinchat":[],"footnotes":""},"categories":[1],"tags":[],"class_list":["post-4052","post","type-post","status-publish","format-standard","has-post-thumbnail","hentry","category-uncategorized"],"yoast_head":"<!-- This site is optimized with the Yoast SEO plugin v27.5 - https:\/\/yoast.com\/product\/yoast-seo-wordpress\/ -->\n<title>\u00a1Celebra conmigo el estreno de nuestra nueva web! - Corrado Valente Photographer<\/title>\n<meta name=\"robots\" content=\"index, follow, max-snippet:-1, max-image-preview:large, max-video-preview:-1\" \/>\n<link rel=\"canonical\" href=\"https:\/\/corradovalente.com\/ca\/celebra-conmigo-el-estreno-de-nuestra-nueva-web\/\" \/>\n<meta property=\"og:locale\" content=\"ca_ES\" \/>\n<meta property=\"og:type\" content=\"article\" \/>\n<meta property=\"og:title\" content=\"\u00a1Celebra conmigo el estreno de nuestra nueva web! - Corrado Valente Photographer\" \/>\n<meta property=\"og:description\" content=\"\u00a1Hola a todos los amantes de la fotograf\u00eda y el v\u00eddeo! Estoy encantado de compartir con ustedes una noticia emocionante: \u00a1nuestra nueva web est\u00e1 oficialmente...\" \/>\n<meta property=\"og:url\" content=\"https:\/\/corradovalente.com\/ca\/celebra-conmigo-el-estreno-de-nuestra-nueva-web\/\" \/>\n<meta property=\"og:site_name\" content=\"Corrado Valente Photographer\" \/>\n<meta property=\"article:published_time\" content=\"2024-06-12T16:42:56+00:00\" \/>\n<meta property=\"og:image\" content=\"https:\/\/corradovalente.com\/wp-content\/uploads\/2024\/05\/bg.webp\" \/>\n\t<meta property=\"og:image:width\" content=\"1920\" \/>\n\t<meta property=\"og:image:height\" content=\"1280\" \/>\n\t<meta property=\"og:image:type\" content=\"image\/webp\" \/>\n<meta name=\"author\" content=\"eloi\" \/>\n<meta name=\"twitter:card\" content=\"summary_large_image\" \/>\n<meta name=\"twitter:label1\" content=\"Escrit per\" \/>\n\t<meta name=\"twitter:data1\" content=\"eloi\" \/>\n\t<meta name=\"twitter:label2\" content=\"Temps estimat de lectura\" \/>\n\t<meta name=\"twitter:data2\" content=\"2 minuts\" \/>\n<script type=\"application\/ld+json\" class=\"yoast-schema-graph\">{\"@context\":\"https:\\\/\\\/schema.org\",\"@graph\":[{\"@type\":\"Article\",\"@id\":\"https:\\\/\\\/corradovalente.com\\\/celebra-conmigo-el-estreno-de-nuestra-nueva-web\\\/#article\",\"isPartOf\":{\"@id\":\"https:\\\/\\\/corradovalente.com\\\/celebra-conmigo-el-estreno-de-nuestra-nueva-web\\\/\"},\"author\":{\"name\":\"eloi\",\"@id\":\"https:\\\/\\\/corradovalente.com\\\/#\\\/schema\\\/person\\\/90cde39864375309277567c529f2cb72\"},\"headline\":\"\u00a1Celebra conmigo el estreno de nuestra nueva web!\",\"datePublished\":\"2024-06-12T16:42:56+00:00\",\"mainEntityOfPage\":{\"@id\":\"https:\\\/\\\/corradovalente.com\\\/celebra-conmigo-el-estreno-de-nuestra-nueva-web\\\/\"},\"wordCount\":345,\"publisher\":{\"@id\":\"https:\\\/\\\/corradovalente.com\\\/#organization\"},\"image\":{\"@id\":\"https:\\\/\\\/corradovalente.com\\\/celebra-conmigo-el-estreno-de-nuestra-nueva-web\\\/#primaryimage\"},\"thumbnailUrl\":\"https:\\\/\\\/corradovalente.com\\\/wp-content\\\/uploads\\\/2024\\\/05\\\/bg.webp\",\"articleSection\":[\"Uncategorized\"],\"inLanguage\":\"ca\"},{\"@type\":\"WebPage\",\"@id\":\"https:\\\/\\\/corradovalente.com\\\/celebra-conmigo-el-estreno-de-nuestra-nueva-web\\\/\",\"url\":\"https:\\\/\\\/corradovalente.com\\\/celebra-conmigo-el-estreno-de-nuestra-nueva-web\\\/\",\"name\":\"\u00a1Celebra conmigo el estreno de nuestra nueva web! - Corrado Valente Photographer\",\"isPartOf\":{\"@id\":\"https:\\\/\\\/corradovalente.com\\\/#website\"},\"primaryImageOfPage\":{\"@id\":\"https:\\\/\\\/corradovalente.com\\\/celebra-conmigo-el-estreno-de-nuestra-nueva-web\\\/#primaryimage\"},\"image\":{\"@id\":\"https:\\\/\\\/corradovalente.com\\\/celebra-conmigo-el-estreno-de-nuestra-nueva-web\\\/#primaryimage\"},\"thumbnailUrl\":\"https:\\\/\\\/corradovalente.com\\\/wp-content\\\/uploads\\\/2024\\\/05\\\/bg.webp\",\"datePublished\":\"2024-06-12T16:42:56+00:00\",\"breadcrumb\":{\"@id\":\"https:\\\/\\\/corradovalente.com\\\/celebra-conmigo-el-estreno-de-nuestra-nueva-web\\\/#breadcrumb\"},\"inLanguage\":\"ca\",\"potentialAction\":[{\"@type\":\"ReadAction\",\"target\":[\"https:\\\/\\\/corradovalente.com\\\/celebra-conmigo-el-estreno-de-nuestra-nueva-web\\\/\"]}]},{\"@type\":\"ImageObject\",\"inLanguage\":\"ca\",\"@id\":\"https:\\\/\\\/corradovalente.com\\\/celebra-conmigo-el-estreno-de-nuestra-nueva-web\\\/#primaryimage\",\"url\":\"https:\\\/\\\/corradovalente.com\\\/wp-content\\\/uploads\\\/2024\\\/05\\\/bg.webp\",\"contentUrl\":\"https:\\\/\\\/corradovalente.com\\\/wp-content\\\/uploads\\\/2024\\\/05\\\/bg.webp\",\"width\":1920,\"height\":1280},{\"@type\":\"BreadcrumbList\",\"@id\":\"https:\\\/\\\/corradovalente.com\\\/celebra-conmigo-el-estreno-de-nuestra-nueva-web\\\/#breadcrumb\",\"itemListElement\":[{\"@type\":\"ListItem\",\"position\":1,\"name\":\"Portada\",\"item\":\"https:\\\/\\\/corradovalente.com\\\/\"},{\"@type\":\"ListItem\",\"position\":2,\"name\":\"\u00a1Celebra conmigo el estreno de nuestra nueva web!\"}]},{\"@type\":\"WebSite\",\"@id\":\"https:\\\/\\\/corradovalente.com\\\/#website\",\"url\":\"https:\\\/\\\/corradovalente.com\\\/\",\"name\":\"Corrado Valente Photographer\",\"description\":\"Fotograf\u00eda y v\u00eddeo\",\"publisher\":{\"@id\":\"https:\\\/\\\/corradovalente.com\\\/#organization\"},\"potentialAction\":[{\"@type\":\"SearchAction\",\"target\":{\"@type\":\"EntryPoint\",\"urlTemplate\":\"https:\\\/\\\/corradovalente.com\\\/?s={search_term_string}\"},\"query-input\":{\"@type\":\"PropertyValueSpecification\",\"valueRequired\":true,\"valueName\":\"search_term_string\"}}],\"inLanguage\":\"ca\"},{\"@type\":\"Organization\",\"@id\":\"https:\\\/\\\/corradovalente.com\\\/#organization\",\"name\":\"Corrado Valente Photographer\",\"url\":\"https:\\\/\\\/corradovalente.com\\\/\",\"logo\":{\"@type\":\"ImageObject\",\"inLanguage\":\"ca\",\"@id\":\"https:\\\/\\\/corradovalente.com\\\/#\\\/schema\\\/logo\\\/image\\\/\",\"url\":\"https:\\\/\\\/corradovalente.com\\\/wp-content\\\/uploads\\\/2024\\\/06\\\/cropped-cropped-Logo_CV_card-removebg-preview.png\",\"contentUrl\":\"https:\\\/\\\/corradovalente.com\\\/wp-content\\\/uploads\\\/2024\\\/06\\\/cropped-cropped-Logo_CV_card-removebg-preview.png\",\"width\":577,\"height\":286,\"caption\":\"Corrado Valente Photographer\"},\"image\":{\"@id\":\"https:\\\/\\\/corradovalente.com\\\/#\\\/schema\\\/logo\\\/image\\\/\"}},{\"@type\":\"Person\",\"@id\":\"https:\\\/\\\/corradovalente.com\\\/#\\\/schema\\\/person\\\/90cde39864375309277567c529f2cb72\",\"name\":\"eloi\",\"sameAs\":[\"https:\\\/\\\/corradovalente.com\"],\"url\":\"https:\\\/\\\/corradovalente.com\\\/ca\\\/author\\\/eloi\\\/\"}]}<\/script>\n<!-- \/ Yoast SEO plugin. -->","yoast_head_json":{"title":"Celebra amb mi l&#039;estrena de la nostra nova web! - Corrat Valent Photographer","robots":{"index":"index","follow":"follow","max-snippet":"max-snippet:-1","max-image-preview":"max-image-preview:large","max-video-preview":"max-video-preview:-1"},"canonical":"https:\/\/corradovalente.com\/ca\/celebra-conmigo-el-estreno-de-nuestra-nueva-web\/","og_locale":"ca_ES","og_type":"article","og_title":"\u00a1Celebra conmigo el estreno de nuestra nueva web! - Corrado Valente Photographer","og_description":"\u00a1Hola a todos los amantes de la fotograf\u00eda y el v\u00eddeo! Estoy encantado de compartir con ustedes una noticia emocionante: \u00a1nuestra nueva web est\u00e1 oficialmente...","og_url":"https:\/\/corradovalente.com\/ca\/celebra-conmigo-el-estreno-de-nuestra-nueva-web\/","og_site_name":"Corrado Valente Photographer","article_published_time":"2024-06-12T16:42:56+00:00","og_image":[{"width":1920,"height":1280,"url":"https:\/\/corradovalente.com\/wp-content\/uploads\/2024\/05\/bg.webp","type":"image\/webp"}],"author":"eloi","twitter_card":"summary_large_image","twitter_misc":{"Escrit per":"eloi","Temps estimat de lectura":"2 minuts"},"schema":{"@context":"https:\/\/schema.org","@graph":[{"@type":"Article","@id":"https:\/\/corradovalente.com\/celebra-conmigo-el-estreno-de-nuestra-nueva-web\/#article","isPartOf":{"@id":"https:\/\/corradovalente.com\/celebra-conmigo-el-estreno-de-nuestra-nueva-web\/"},"author":{"name":"eloi","@id":"https:\/\/corradovalente.com\/#\/schema\/person\/90cde39864375309277567c529f2cb72"},"headline":"\u00a1Celebra conmigo el estreno de nuestra nueva web!","datePublished":"2024-06-12T16:42:56+00:00","mainEntityOfPage":{"@id":"https:\/\/corradovalente.com\/celebra-conmigo-el-estreno-de-nuestra-nueva-web\/"},"wordCount":345,"publisher":{"@id":"https:\/\/corradovalente.com\/#organization"},"image":{"@id":"https:\/\/corradovalente.com\/celebra-conmigo-el-estreno-de-nuestra-nueva-web\/#primaryimage"},"thumbnailUrl":"https:\/\/corradovalente.com\/wp-content\/uploads\/2024\/05\/bg.webp","articleSection":["Uncategorized"],"inLanguage":"ca"},{"@type":"WebPage","@id":"https:\/\/corradovalente.com\/celebra-conmigo-el-estreno-de-nuestra-nueva-web\/","url":"https:\/\/corradovalente.com\/celebra-conmigo-el-estreno-de-nuestra-nueva-web\/","name":"Celebra amb mi l&#039;estrena de la nostra nova web! - Corrat Valent Photographer","isPartOf":{"@id":"https:\/\/corradovalente.com\/#website"},"primaryImageOfPage":{"@id":"https:\/\/corradovalente.com\/celebra-conmigo-el-estreno-de-nuestra-nueva-web\/#primaryimage"},"image":{"@id":"https:\/\/corradovalente.com\/celebra-conmigo-el-estreno-de-nuestra-nueva-web\/#primaryimage"},"thumbnailUrl":"https:\/\/corradovalente.com\/wp-content\/uploads\/2024\/05\/bg.webp","datePublished":"2024-06-12T16:42:56+00:00","breadcrumb":{"@id":"https:\/\/corradovalente.com\/celebra-conmigo-el-estreno-de-nuestra-nueva-web\/#breadcrumb"},"inLanguage":"ca","potentialAction":[{"@type":"ReadAction","target":["https:\/\/corradovalente.com\/celebra-conmigo-el-estreno-de-nuestra-nueva-web\/"]}]},{"@type":"ImageObject","inLanguage":"ca","@id":"https:\/\/corradovalente.com\/celebra-conmigo-el-estreno-de-nuestra-nueva-web\/#primaryimage","url":"https:\/\/corradovalente.com\/wp-content\/uploads\/2024\/05\/bg.webp","contentUrl":"https:\/\/corradovalente.com\/wp-content\/uploads\/2024\/05\/bg.webp","width":1920,"height":1280},{"@type":"BreadcrumbList","@id":"https:\/\/corradovalente.com\/celebra-conmigo-el-estreno-de-nuestra-nueva-web\/#breadcrumb","itemListElement":[{"@type":"ListItem","position":1,"name":"Portada","item":"https:\/\/corradovalente.com\/"},{"@type":"ListItem","position":2,"name":"\u00a1Celebra conmigo el estreno de nuestra nueva web!"}]},{"@type":"WebSite","@id":"https:\/\/corradovalente.com\/#website","url":"https:\/\/corradovalente.com\/","name":"Corrat Valent Photographer","description":"Fotografia i v\u00eddeo","publisher":{"@id":"https:\/\/corradovalente.com\/#organization"},"potentialAction":[{"@type":"SearchAction","target":{"@type":"EntryPoint","urlTemplate":"https:\/\/corradovalente.com\/?s={search_term_string}"},"query-input":{"@type":"PropertyValueSpecification","valueRequired":true,"valueName":"search_term_string"}}],"inLanguage":"ca"},{"@type":"Organization","@id":"https:\/\/corradovalente.com\/#organization","name":"Corrat Valent Photographer","url":"https:\/\/corradovalente.com\/","logo":{"@type":"ImageObject","inLanguage":"ca","@id":"https:\/\/corradovalente.com\/#\/schema\/logo\/image\/","url":"https:\/\/corradovalente.com\/wp-content\/uploads\/2024\/06\/cropped-cropped-Logo_CV_card-removebg-preview.png","contentUrl":"https:\/\/corradovalente.com\/wp-content\/uploads\/2024\/06\/cropped-cropped-Logo_CV_card-removebg-preview.png","width":577,"height":286,"caption":"Corrado Valente Photographer"},"image":{"@id":"https:\/\/corradovalente.com\/#\/schema\/logo\/image\/"}},{"@type":"Person","@id":"https:\/\/corradovalente.com\/#\/schema\/person\/90cde39864375309277567c529f2cb72","name":"eloi","sameAs":["https:\/\/corradovalente.com"],"url":"https:\/\/corradovalente.com\/ca\/author\/eloi\/"}]}},"taxonomy_info":{"category":[{"value":1,"label":"Uncategorized"}]},"featured_image_src_large":["https:\/\/corradovalente.com\/wp-content\/uploads\/2024\/05\/bg-1024x683.webp",1024,683,true],"author_info":{"display_name":"eloi","author_link":"https:\/\/corradovalente.com\/ca\/author\/eloi\/"},"comment_info":0,"category_info":[{"term_id":1,"name":"Uncategorized","slug":"uncategorized","term_group":0,"term_taxonomy_id":1,"taxonomy":"category","description":"","parent":0,"count":1,"filter":"raw","term_order":"1","cat_ID":1,"category_count":1,"category_description":"","cat_name":"Uncategorized","category_nicename":"uncategorized","category_parent":0}],"tag_info":false,"_links":{"self":[{"href":"https:\/\/corradovalente.com\/ca\/wp-json\/wp\/v2\/posts\/4052","targetHints":{"allow":["GET"]}}],"collection":[{"href":"https:\/\/corradovalente.com\/ca\/wp-json\/wp\/v2\/posts"}],"about":[{"href":"https:\/\/corradovalente.com\/ca\/wp-json\/wp\/v2\/types\/post"}],"author":[{"embeddable":true,"href":"https:\/\/corradovalente.com\/ca\/wp-json\/wp\/v2\/users\/1"}],"replies":[{"embeddable":true,"href":"https:\/\/corradovalente.com\/ca\/wp-json\/wp\/v2\/comments?post=4052"}],"version-history":[{"count":1,"href":"https:\/\/corradovalente.com\/ca\/wp-json\/wp\/v2\/posts\/4052\/revisions"}],"predecessor-version":[{"id":4053,"href":"https:\/\/corradovalente.com\/ca\/wp-json\/wp\/v2\/posts\/4052\/revisions\/4053"}],"wp:featuredmedia":[{"embeddable":true,"href":"https:\/\/corradovalente.com\/ca\/wp-json\/wp\/v2\/media\/3706"}],"wp:attachment":[{"href":"https:\/\/corradovalente.com\/ca\/wp-json\/wp\/v2\/media?parent=4052"}],"wp:term":[{"taxonomy":"category","embeddable":true,"href":"https:\/\/corradovalente.com\/ca\/wp-json\/wp\/v2\/categories?post=4052"},{"taxonomy":"post_tag","embeddable":true,"href":"https:\/\/corradovalente.com\/ca\/wp-json\/wp\/v2\/tags?post=4052"}],"curies":[{"name":"wp","href":"https:\/\/api.w.org\/{rel}","templated":true}]}}